{"id":4491,"date":"2022-02-22T09:43:34","date_gmt":"2022-02-22T09:43:34","guid":{"rendered":"https:\/\/b36oyymf.myrdbx.io\/?p=4491"},"modified":"2022-02-23T14:29:23","modified_gmt":"2022-02-23T14:29:23","slug":"offensive-fuer-das-gastgewerbe","status":"publish","type":"post","link":"https:\/\/linden-gut.eu\/de\/presse\/offensive-fuer-das-gastgewerbe\/","title":{"rendered":"Offensive f\u00fcr das Gastgewerbe"},"content":{"rendered":"\t\t<div data-elementor-type=\"wp-post\" data-elementor-id=\"4491\" class=\"elementor elementor-4491\" data-elementor-post-type=\"post\">\n\t\t\t\t\t\t<section class=\"elementor-section elementor-top-section elementor-element elementor-element-255a2468 elementor-section-boxed elementor-section-height-default elementor-section-height-default\" data-id=\"255a2468\" data-element_type=\"section\" data-e-type=\"section\">\n\t\t\t\t\t\t<div class=\"elementor-container elementor-column-gap-default\">\n\t\t\t\t\t<div class=\"elementor-column elementor-col-100 elementor-top-column elementor-element elementor-element-782669ec\" data-id=\"782669ec\" data-element_type=\"column\" data-e-type=\"column\">\n\t\t\t<div class=\"elementor-widget-wrap elementor-element-populated\">\n\t\t\t\t\t\t<div class=\"elementor-element elementor-element-e663def elementor-widget elementor-widget-text-editor\" data-id=\"e663def\" data-element_type=\"widget\" data-e-type=\"widget\" data-widget_type=\"text-editor.default\">\n\t\t\t\t<div class=\"elementor-widget-container\">\n\t\t\t\t\t\t\t\t\t<h2 id=\"gastgeber-mit-herz\"><span style=\"font-size: 11.0pt; font-family: 'Calibri',sans-serif; mso-fareast-font-family: Calibri; mso-fareast-theme-font: minor-latin; color: black; mso-ansi-language: DE; mso-fareast-language: EN-US; mso-bidi-language: AR-SA;\">Den Pressebericht finden Sie hier:\u00a0<\/span><span style=\"text-decoration: underline;\"><a style=\"font-size: 14px; font-style: inherit; font-weight: inherit; font-family: var( --e-global-typography-text-font-family ), Sans-serif; background-color: #ffffff;\" href=\"https:\/\/www.marktkorb.de\/offensive-fuer-das-gastgewerbe\/\" target=\"_blank\" rel=\"noreferrer noopener\">Offensive f\u00fcr das Gastgewerbe &#8211; Marktkorb.de<\/a><\/span><\/h2>\t\t\t\t\t\t\t\t<\/div>\n\t\t\t\t<\/div>\n\t\t\t\t\t<\/div>\n\t\t<\/div>\n\t\t\t\t\t<\/div>\n\t\t<\/section>\n\t\t\t\t<section class=\"elementor-section elementor-top-section elementor-element elementor-element-339a35f elementor-section-boxed elementor-section-height-default elementor-section-height-default\" data-id=\"339a35f\" data-element_type=\"section\" data-e-type=\"section\">\n\t\t\t\t\t\t<div class=\"elementor-container elementor-column-gap-default\">\n\t\t\t\t\t<div class=\"elementor-column elementor-col-100 elementor-top-column elementor-element elementor-element-d997bd6\" data-id=\"d997bd6\" data-element_type=\"column\" data-e-type=\"column\">\n\t\t\t<div class=\"elementor-widget-wrap elementor-element-populated\">\n\t\t\t\t\t\t<div class=\"elementor-element elementor-element-778188f elementor-widget elementor-widget-template\" data-id=\"778188f\" data-element_type=\"widget\" data-e-type=\"widget\" data-widget_type=\"template.default\">\n\t\t\t\t<div class=\"elementor-widget-container\">\n\t\t\t\t\t\t\t<div class=\"elementor-template\">\n\t\t\t\t\t<div data-elementor-type=\"section\" data-elementor-id=\"4553\" class=\"elementor elementor-4553\" data-elementor-post-type=\"elementor_library\">\n\t\t\t\t\t<section class=\"elementor-section elementor-top-section elementor-element elementor-element-4d6b740e elementor-section-boxed elementor-section-height-default elementor-section-height-default\" data-id=\"4d6b740e\" data-element_type=\"section\" data-e-type=\"section\">\n\t\t\t\t\t\t<div class=\"elementor-container elementor-column-gap-default\">\n\t\t\t\t\t<div class=\"elementor-column elementor-col-100 elementor-top-column elementor-element elementor-element-60d3298c\" data-id=\"60d3298c\" data-element_type=\"column\" data-e-type=\"column\">\n\t\t\t<div class=\"elementor-widget-wrap elementor-element-populated\">\n\t\t\t\t\t\t<div class=\"elementor-element elementor-element-45ecf22c elementor-cta--skin-classic elementor-animated-content elementor-bg-transform elementor-bg-transform-zoom-in elementor-widget elementor-widget-call-to-action\" data-id=\"45ecf22c\" data-element_type=\"widget\" data-e-type=\"widget\" data-widget_type=\"call-to-action.default\">\n\t\t\t\t<div class=\"elementor-widget-container\">\n\t\t\t\t\t\t\t<a class=\"elementor-cta\" href=\"https:\/\/linden-gut.eu\/newsletter\/\">\n\t\t\t\t\t\t\t<div class=\"elementor-cta__content\">\n\t\t\t\t\n\t\t\t\t\t\t\t\t\t<h3 class=\"elementor-cta__title elementor-cta__content-item elementor-content-item\">\n\t\t\t\t\t\tKeinen Blogbeitrag mehr verpassen:\t\t\t\t\t<\/h3>\n\t\t\t\t\n\t\t\t\t\t\t\t\t\t<div class=\"elementor-cta__description elementor-cta__content-item elementor-content-item\">\n\t\t\t\t\t\tDie neuesten Blogbeitr\u00e4ge verteilen wir an alle, die sich f\u00fcr Ereignisse rund um die LindenGut-Unternehmensgruppe interessieren. Wollen Sie auf dem Laufenden bleiben, dann tragen Sie Ihre E-Mail-Adresse in unseren Verteiler ein.\nSelbstverst\u00e4ndlich werden Ihre Daten ausschlie\u00dflich hierf\u00fcr verwendet. \t\t\t\t\t<\/div>\n\t\t\t\t\n\t\t\t\t\t\t\t\t\t<div class=\"elementor-cta__button-wrapper elementor-cta__content-item elementor-content-item \">\n\t\t\t\t\t<span class=\"elementor-cta__button elementor-button elementor-size-\">\n\t\t\t\t\t\tJetzt gleich anmelden!\t\t\t\t\t<\/span>\n\t\t\t\t\t<\/div>\n\t\t\t\t\t\t\t<\/div>\n\t\t\t\t\t\t<\/a>\n\t\t\t\t\t\t<\/div>\n\t\t\t\t<\/div>\n\t\t\t\t\t<\/div>\n\t\t<\/div>\n\t\t\t\t\t<\/div>\n\t\t<\/section>\n\t\t\t\t<\/div>\n\t\t\t\t<\/div>\n\t\t\t\t\t\t<\/div>\n\t\t\t\t<\/div>\n\t\t\t\t\t<\/div>\n\t\t<\/div>\n\t\t\t\t\t<\/div>\n\t\t<\/section>\n\t\t\t\t<\/div>\n\t\t","protected":false},"excerpt":{"rendered":"<p>Restaurants, Gaststuben und Hotels sind eine wichtige Heimst\u00e4tte des gesellschaftlichen Lebens. Doch alle bangen ums \u00dcberleben. \u201eDie letzten beiden Jahre waren f\u00fcr uns herausfordernd. Es war ein Wechselbad zwischen verschiedenen Regularien und Ma\u00dfnahmen sowie Buchungen und Stornierungen\u201c, berichtet unsere Gesch\u00e4ftsf\u00fchrerin Anja Lindner. Die lokale Presse und die Gastronomiebranche starten deshalb gemeinsam die Initiative \u201eGastgeber mit Herz\u201c. Mit im Boot sind beispielsweise der Deutsche Hotel- und Gastst\u00e4ttenverband, der Verbund \u201eRh\u00f6ner Charme\u201c und auch wir.<\/p>\n","protected":false},"author":2,"featured_media":4502,"comment_status":"closed","ping_status":"open","sticky":false,"template":"","format":"standard","meta":{"site-sidebar-layout":"default","site-content-layout":"","ast-site-content-layout":"default","site-content-style":"default","site-sidebar-style":"default","ast-global-header-display":"","ast-banner-title-visibility":"","ast-main-header-display":"","ast-hfb-above-header-display":"","ast-hfb-below-header-display":"","ast-hfb-mobile-header-display":"","site-post-title":"","ast-breadcrumbs-content":"","ast-featured-img":"","footer-sml-layout":"","ast-disable-related-posts":"","theme-transparent-header-meta":"","adv-header-id-meta":"","stick-header-meta":"","header-above-stick-meta":"","header-main-stick-meta":"","header-below-stick-meta":"","astra-migrate-meta-layouts":"default","ast-page-background-enabled":"default","ast-page-background-meta":{"desktop":{"background-color":"","background-image":"","background-repeat":"repeat","background-position":"center center","background-size":"auto","background-attachment":"scroll","background-type":"","background-media":"","overlay-type":"","overlay-color":"","overlay-opacity":"","overlay-gradient":""},"tablet":{"background-color":"","background-image":"","background-repeat":"repeat","background-position":"center center","background-size":"auto","background-attachment":"scroll","background-type":"","background-media":"","overlay-type":"","overlay-color":"","overlay-opacity":"","overlay-gradient":""},"mobile":{"background-color":"","background-image":"","background-repeat":"repeat","background-position":"center center","background-size":"auto","background-attachment":"scroll","background-type":"","background-media":"","overlay-type":"","overlay-color":"","overlay-opacity":"","overlay-gradient":""}},"ast-content-background-meta":{"desktop":{"background-color":"var(--ast-global-color-5)","background-image":"","background-repeat":"repeat","background-position":"center center","background-size":"auto","background-attachment":"scroll","background-type":"","background-media":"","overlay-type":"","overlay-color":"","overlay-opacity":"","overlay-gradient":""},"tablet":{"background-color":"var(--ast-global-color-5)","background-image":"","background-repeat":"repeat","background-position":"center center","background-size":"auto","background-attachment":"scroll","background-type":"","background-media":"","overlay-type":"","overlay-color":"","overlay-opacity":"","overlay-gradient":""},"mobile":{"background-color":"var(--ast-global-color-5)","background-image":"","background-repeat":"repeat","background-position":"center center","background-size":"auto","background-attachment":"scroll","background-type":"","background-media":"","overlay-type":"","overlay-color":"","overlay-opacity":"","overlay-gradient":""}},"footnotes":""},"categories":[18],"tags":[],"class_list":["post-4491","post","type-post","status-publish","format-standard","has-post-thumbnail","hentry","category-presse"],"yoast_head":"<!-- This site is optimized with the Yoast SEO plugin v27.5 - https:\/\/yoast.com\/product\/yoast-seo-wordpress\/ -->\n<title>Offensive f\u00fcr das Gastgewerbe<\/title>\n<meta name=\"description\" content=\"Restaurants, Gaststuben und Hotels sind eine wichtige Heimst\u00e4tte des gesellschaftlichen Lebens. Doch alle bangen ums \u00dcberleben. \u201eDie letzten beiden Jahre waren f\u00fcr uns herausfordernd. Es war ein Wechselbad zwischen verschiedenen Regularien und Ma\u00dfnahmen sowie Buchungen und Stornierungen\u201c, berichtet unsere Gesch\u00e4ftsf\u00fchrerin Anja Lindner. Die lokale Presse und die Gastronomiebranche starten deshalb gemeinsam die Initiative \u201eGastgeber mit Herz\u201c. Mit im Boot sind beispielsweise der Deutsche Hotel- und Gastst\u00e4ttenverband, der Verbund \u201eRh\u00f6ner Charme\u201c und auch wir.\" \/>\n<meta name=\"robots\" content=\"index, follow, max-snippet:-1, max-image-preview:large, max-video-preview:-1\" \/>\n<link rel=\"canonical\" href=\"https:\/\/linden-gut.eu\/de\/presse\/offensive-fuer-das-gastgewerbe\/\" \/>\n<meta property=\"og:locale\" content=\"de_DE\" \/>\n<meta property=\"og:type\" content=\"article\" \/>\n<meta property=\"og:title\" content=\"Offensive f\u00fcr das Gastgewerbe\" \/>\n<meta property=\"og:description\" content=\"Restaurants, Gaststuben und Hotels sind eine wichtige Heimst\u00e4tte des gesellschaftlichen Lebens. Doch alle bangen ums \u00dcberleben. \u201eDie letzten beiden Jahre waren f\u00fcr uns herausfordernd. Es war ein Wechselbad zwischen verschiedenen Regularien und Ma\u00dfnahmen sowie Buchungen und Stornierungen\u201c, berichtet unsere Gesch\u00e4ftsf\u00fchrerin Anja Lindner. Die lokale Presse und die Gastronomiebranche starten deshalb gemeinsam die Initiative \u201eGastgeber mit Herz\u201c. Mit im Boot sind beispielsweise der Deutsche Hotel- und Gastst\u00e4ttenverband, der Verbund \u201eRh\u00f6ner Charme\u201c und auch wir.\" \/>\n<meta property=\"og:url\" content=\"https:\/\/linden-gut.eu\/de\/presse\/offensive-fuer-das-gastgewerbe\/\" \/>\n<meta property=\"article:publisher\" content=\"https:\/\/www.facebook.com\/LindenGutDipperz\" \/>\n<meta property=\"article:published_time\" content=\"2022-02-22T09:43:34+00:00\" \/>\n<meta property=\"article:modified_time\" content=\"2022-02-23T14:29:23+00:00\" \/>\n<meta property=\"og:image\" content=\"https:\/\/linden-gut.eu\/wp-content\/uploads\/2022\/02\/lindengut-offensive-gastgeber-mit-herz-1.png\" \/>\n\t<meta property=\"og:image:width\" content=\"1200\" \/>\n\t<meta property=\"og:image:height\" content=\"630\" \/>\n\t<meta property=\"og:image:type\" content=\"image\/png\" \/>\n<meta name=\"author\" content=\"JBorner\" \/>\n<meta name=\"twitter:card\" content=\"summary_large_image\" \/>\n<meta name=\"twitter:label1\" content=\"Verfasst von\" \/>\n\t<meta name=\"twitter:data1\" content=\"JBorner\" \/>\n\t<meta name=\"twitter:label2\" content=\"Gesch\u00e4tzte Lesezeit\" \/>\n\t<meta name=\"twitter:data2\" content=\"2\u00a0Minuten\" \/>\n<script type=\"application\/ld+json\" class=\"yoast-schema-graph\">{\"@context\":\"https:\\\/\\\/schema.org\",\"@graph\":[{\"@type\":\"Article\",\"@id\":\"https:\\\/\\\/linden-gut.eu\\\/de\\\/presse\\\/offensive-fuer-das-gastgewerbe\\\/#article\",\"isPartOf\":{\"@id\":\"https:\\\/\\\/linden-gut.eu\\\/de\\\/presse\\\/offensive-fuer-das-gastgewerbe\\\/\"},\"author\":{\"name\":\"JBorner\",\"@id\":\"https:\\\/\\\/linden-gut.eu\\\/de\\\/#\\\/schema\\\/person\\\/f361f888df78f36886934fabafbf5719\"},\"headline\":\"Offensive f\u00fcr das Gastgewerbe\",\"datePublished\":\"2022-02-22T09:43:34+00:00\",\"dateModified\":\"2022-02-23T14:29:23+00:00\",\"mainEntityOfPage\":{\"@id\":\"https:\\\/\\\/linden-gut.eu\\\/de\\\/presse\\\/offensive-fuer-das-gastgewerbe\\\/\"},\"wordCount\":18,\"publisher\":{\"@id\":\"https:\\\/\\\/linden-gut.eu\\\/de\\\/#organization\"},\"image\":{\"@id\":\"https:\\\/\\\/linden-gut.eu\\\/de\\\/presse\\\/offensive-fuer-das-gastgewerbe\\\/#primaryimage\"},\"thumbnailUrl\":\"https:\\\/\\\/linden-gut.eu\\\/wp-content\\\/uploads\\\/2022\\\/02\\\/lindengut-offensive-gastgeber-mit-herz-1.png\",\"articleSection\":[\"Presse\"],\"inLanguage\":\"de\"},{\"@type\":\"WebPage\",\"@id\":\"https:\\\/\\\/linden-gut.eu\\\/de\\\/presse\\\/offensive-fuer-das-gastgewerbe\\\/\",\"url\":\"https:\\\/\\\/linden-gut.eu\\\/de\\\/presse\\\/offensive-fuer-das-gastgewerbe\\\/\",\"name\":\"Offensive f\u00fcr das Gastgewerbe\",\"isPartOf\":{\"@id\":\"https:\\\/\\\/linden-gut.eu\\\/de\\\/#website\"},\"primaryImageOfPage\":{\"@id\":\"https:\\\/\\\/linden-gut.eu\\\/de\\\/presse\\\/offensive-fuer-das-gastgewerbe\\\/#primaryimage\"},\"image\":{\"@id\":\"https:\\\/\\\/linden-gut.eu\\\/de\\\/presse\\\/offensive-fuer-das-gastgewerbe\\\/#primaryimage\"},\"thumbnailUrl\":\"https:\\\/\\\/linden-gut.eu\\\/wp-content\\\/uploads\\\/2022\\\/02\\\/lindengut-offensive-gastgeber-mit-herz-1.png\",\"datePublished\":\"2022-02-22T09:43:34+00:00\",\"dateModified\":\"2022-02-23T14:29:23+00:00\",\"description\":\"Restaurants, Gaststuben und Hotels sind eine wichtige Heimst\u00e4tte des gesellschaftlichen Lebens. Doch alle bangen ums \u00dcberleben. \u201eDie letzten beiden Jahre waren f\u00fcr uns herausfordernd. Es war ein Wechselbad zwischen verschiedenen Regularien und Ma\u00dfnahmen sowie Buchungen und Stornierungen\u201c, berichtet unsere Gesch\u00e4ftsf\u00fchrerin Anja Lindner. Die lokale Presse und die Gastronomiebranche starten deshalb gemeinsam die Initiative \u201eGastgeber mit Herz\u201c. Mit im Boot sind beispielsweise der Deutsche Hotel- und Gastst\u00e4ttenverband, der Verbund \u201eRh\u00f6ner Charme\u201c und auch wir.\",\"breadcrumb\":{\"@id\":\"https:\\\/\\\/linden-gut.eu\\\/de\\\/presse\\\/offensive-fuer-das-gastgewerbe\\\/#breadcrumb\"},\"inLanguage\":\"de\",\"potentialAction\":[{\"@type\":\"ReadAction\",\"target\":[\"https:\\\/\\\/linden-gut.eu\\\/de\\\/presse\\\/offensive-fuer-das-gastgewerbe\\\/\"]}]},{\"@type\":\"ImageObject\",\"inLanguage\":\"de\",\"@id\":\"https:\\\/\\\/linden-gut.eu\\\/de\\\/presse\\\/offensive-fuer-das-gastgewerbe\\\/#primaryimage\",\"url\":\"https:\\\/\\\/linden-gut.eu\\\/wp-content\\\/uploads\\\/2022\\\/02\\\/lindengut-offensive-gastgeber-mit-herz-1.png\",\"contentUrl\":\"https:\\\/\\\/linden-gut.eu\\\/wp-content\\\/uploads\\\/2022\\\/02\\\/lindengut-offensive-gastgeber-mit-herz-1.png\",\"width\":1200,\"height\":630},{\"@type\":\"BreadcrumbList\",\"@id\":\"https:\\\/\\\/linden-gut.eu\\\/de\\\/presse\\\/offensive-fuer-das-gastgewerbe\\\/#breadcrumb\",\"itemListElement\":[{\"@type\":\"ListItem\",\"position\":1,\"name\":\"Startseite\",\"item\":\"https:\\\/\\\/linden-gut.eu\\\/de\\\/\"},{\"@type\":\"ListItem\",\"position\":2,\"name\":\"Offensive f\u00fcr das Gastgewerbe\"}]},{\"@type\":\"WebSite\",\"@id\":\"https:\\\/\\\/linden-gut.eu\\\/de\\\/#website\",\"url\":\"https:\\\/\\\/linden-gut.eu\\\/de\\\/\",\"name\":\"LindenGut\",\"description\":\"Nachhaltiger Genuss und Komfort \u2013 Bio-Qualit\u00e4t in Hotel, Herberge, Hofladen und mehr.\",\"publisher\":{\"@id\":\"https:\\\/\\\/linden-gut.eu\\\/de\\\/#organization\"},\"potentialAction\":[{\"@type\":\"SearchAction\",\"target\":{\"@type\":\"EntryPoint\",\"urlTemplate\":\"https:\\\/\\\/linden-gut.eu\\\/de\\\/?s={search_term_string}\"},\"query-input\":{\"@type\":\"PropertyValueSpecification\",\"valueRequired\":true,\"valueName\":\"search_term_string\"}}],\"inLanguage\":\"de\"},{\"@type\":\"Organization\",\"@id\":\"https:\\\/\\\/linden-gut.eu\\\/de\\\/#organization\",\"name\":\"LindenGut GmbH & Co. KG\",\"url\":\"https:\\\/\\\/linden-gut.eu\\\/de\\\/\",\"logo\":{\"@type\":\"ImageObject\",\"inLanguage\":\"de\",\"@id\":\"https:\\\/\\\/linden-gut.eu\\\/de\\\/#\\\/schema\\\/logo\\\/image\\\/\",\"url\":\"https:\\\/\\\/linden-gut.eu\\\/wp-content\\\/uploads\\\/2021\\\/04\\\/Biohotel-Lindengut-Favicon.png\",\"contentUrl\":\"https:\\\/\\\/linden-gut.eu\\\/wp-content\\\/uploads\\\/2021\\\/04\\\/Biohotel-Lindengut-Favicon.png\",\"width\":712,\"height\":712,\"caption\":\"LindenGut GmbH & Co. KG\"},\"image\":{\"@id\":\"https:\\\/\\\/linden-gut.eu\\\/de\\\/#\\\/schema\\\/logo\\\/image\\\/\"},\"sameAs\":[\"https:\\\/\\\/www.facebook.com\\\/LindenGutDipperz\",\"https:\\\/\\\/www.instagram.com\\\/lindengut_biohotel\\\/\",\"http:\\\/\\\/www.youtube.com\\\/@lindengutwegweiser2448\"]},{\"@type\":\"Person\",\"@id\":\"https:\\\/\\\/linden-gut.eu\\\/de\\\/#\\\/schema\\\/person\\\/f361f888df78f36886934fabafbf5719\",\"name\":\"JBorner\"}]}<\/script>\n<!-- \/ Yoast SEO plugin. -->","yoast_head_json":{"title":"Offensive f\u00fcr das Gastgewerbe","description":"Restaurants, Gaststuben und Hotels sind eine wichtige Heimst\u00e4tte des gesellschaftlichen Lebens. Doch alle bangen ums \u00dcberleben. \u201eDie letzten beiden Jahre waren f\u00fcr uns herausfordernd. Es war ein Wechselbad zwischen verschiedenen Regularien und Ma\u00dfnahmen sowie Buchungen und Stornierungen\u201c, berichtet unsere Gesch\u00e4ftsf\u00fchrerin Anja Lindner. Die lokale Presse und die Gastronomiebranche starten deshalb gemeinsam die Initiative \u201eGastgeber mit Herz\u201c. Mit im Boot sind beispielsweise der Deutsche Hotel- und Gastst\u00e4ttenverband, der Verbund \u201eRh\u00f6ner Charme\u201c und auch wir.","robots":{"index":"index","follow":"follow","max-snippet":"max-snippet:-1","max-image-preview":"max-image-preview:large","max-video-preview":"max-video-preview:-1"},"canonical":"https:\/\/linden-gut.eu\/de\/presse\/offensive-fuer-das-gastgewerbe\/","og_locale":"de_DE","og_type":"article","og_title":"Offensive f\u00fcr das Gastgewerbe","og_description":"Restaurants, Gaststuben und Hotels sind eine wichtige Heimst\u00e4tte des gesellschaftlichen Lebens. Doch alle bangen ums \u00dcberleben. \u201eDie letzten beiden Jahre waren f\u00fcr uns herausfordernd. Es war ein Wechselbad zwischen verschiedenen Regularien und Ma\u00dfnahmen sowie Buchungen und Stornierungen\u201c, berichtet unsere Gesch\u00e4ftsf\u00fchrerin Anja Lindner. Die lokale Presse und die Gastronomiebranche starten deshalb gemeinsam die Initiative \u201eGastgeber mit Herz\u201c. Mit im Boot sind beispielsweise der Deutsche Hotel- und Gastst\u00e4ttenverband, der Verbund \u201eRh\u00f6ner Charme\u201c und auch wir.","og_url":"https:\/\/linden-gut.eu\/de\/presse\/offensive-fuer-das-gastgewerbe\/","article_publisher":"https:\/\/www.facebook.com\/LindenGutDipperz","article_published_time":"2022-02-22T09:43:34+00:00","article_modified_time":"2022-02-23T14:29:23+00:00","og_image":[{"width":1200,"height":630,"url":"https:\/\/linden-gut.eu\/wp-content\/uploads\/2022\/02\/lindengut-offensive-gastgeber-mit-herz-1.png","type":"image\/png"}],"author":"JBorner","twitter_card":"summary_large_image","twitter_misc":{"Verfasst von":"JBorner","Gesch\u00e4tzte Lesezeit":"2\u00a0Minuten"},"schema":{"@context":"https:\/\/schema.org","@graph":[{"@type":"Article","@id":"https:\/\/linden-gut.eu\/de\/presse\/offensive-fuer-das-gastgewerbe\/#article","isPartOf":{"@id":"https:\/\/linden-gut.eu\/de\/presse\/offensive-fuer-das-gastgewerbe\/"},"author":{"name":"JBorner","@id":"https:\/\/linden-gut.eu\/de\/#\/schema\/person\/f361f888df78f36886934fabafbf5719"},"headline":"Offensive f\u00fcr das Gastgewerbe","datePublished":"2022-02-22T09:43:34+00:00","dateModified":"2022-02-23T14:29:23+00:00","mainEntityOfPage":{"@id":"https:\/\/linden-gut.eu\/de\/presse\/offensive-fuer-das-gastgewerbe\/"},"wordCount":18,"publisher":{"@id":"https:\/\/linden-gut.eu\/de\/#organization"},"image":{"@id":"https:\/\/linden-gut.eu\/de\/presse\/offensive-fuer-das-gastgewerbe\/#primaryimage"},"thumbnailUrl":"https:\/\/linden-gut.eu\/wp-content\/uploads\/2022\/02\/lindengut-offensive-gastgeber-mit-herz-1.png","articleSection":["Presse"],"inLanguage":"de"},{"@type":"WebPage","@id":"https:\/\/linden-gut.eu\/de\/presse\/offensive-fuer-das-gastgewerbe\/","url":"https:\/\/linden-gut.eu\/de\/presse\/offensive-fuer-das-gastgewerbe\/","name":"Offensive f\u00fcr das Gastgewerbe","isPartOf":{"@id":"https:\/\/linden-gut.eu\/de\/#website"},"primaryImageOfPage":{"@id":"https:\/\/linden-gut.eu\/de\/presse\/offensive-fuer-das-gastgewerbe\/#primaryimage"},"image":{"@id":"https:\/\/linden-gut.eu\/de\/presse\/offensive-fuer-das-gastgewerbe\/#primaryimage"},"thumbnailUrl":"https:\/\/linden-gut.eu\/wp-content\/uploads\/2022\/02\/lindengut-offensive-gastgeber-mit-herz-1.png","datePublished":"2022-02-22T09:43:34+00:00","dateModified":"2022-02-23T14:29:23+00:00","description":"Restaurants, Gaststuben und Hotels sind eine wichtige Heimst\u00e4tte des gesellschaftlichen Lebens. Doch alle bangen ums \u00dcberleben. \u201eDie letzten beiden Jahre waren f\u00fcr uns herausfordernd. Es war ein Wechselbad zwischen verschiedenen Regularien und Ma\u00dfnahmen sowie Buchungen und Stornierungen\u201c, berichtet unsere Gesch\u00e4ftsf\u00fchrerin Anja Lindner. Die lokale Presse und die Gastronomiebranche starten deshalb gemeinsam die Initiative \u201eGastgeber mit Herz\u201c. Mit im Boot sind beispielsweise der Deutsche Hotel- und Gastst\u00e4ttenverband, der Verbund \u201eRh\u00f6ner Charme\u201c und auch wir.","breadcrumb":{"@id":"https:\/\/linden-gut.eu\/de\/presse\/offensive-fuer-das-gastgewerbe\/#breadcrumb"},"inLanguage":"de","potentialAction":[{"@type":"ReadAction","target":["https:\/\/linden-gut.eu\/de\/presse\/offensive-fuer-das-gastgewerbe\/"]}]},{"@type":"ImageObject","inLanguage":"de","@id":"https:\/\/linden-gut.eu\/de\/presse\/offensive-fuer-das-gastgewerbe\/#primaryimage","url":"https:\/\/linden-gut.eu\/wp-content\/uploads\/2022\/02\/lindengut-offensive-gastgeber-mit-herz-1.png","contentUrl":"https:\/\/linden-gut.eu\/wp-content\/uploads\/2022\/02\/lindengut-offensive-gastgeber-mit-herz-1.png","width":1200,"height":630},{"@type":"BreadcrumbList","@id":"https:\/\/linden-gut.eu\/de\/presse\/offensive-fuer-das-gastgewerbe\/#breadcrumb","itemListElement":[{"@type":"ListItem","position":1,"name":"Startseite","item":"https:\/\/linden-gut.eu\/de\/"},{"@type":"ListItem","position":2,"name":"Offensive f\u00fcr das Gastgewerbe"}]},{"@type":"WebSite","@id":"https:\/\/linden-gut.eu\/de\/#website","url":"https:\/\/linden-gut.eu\/de\/","name":"LindenGut","description":"Nachhaltiger Genuss und Komfort \u2013 Bio-Qualit\u00e4t in Hotel, Herberge, Hofladen und mehr.","publisher":{"@id":"https:\/\/linden-gut.eu\/de\/#organization"},"potentialAction":[{"@type":"SearchAction","target":{"@type":"EntryPoint","urlTemplate":"https:\/\/linden-gut.eu\/de\/?s={search_term_string}"},"query-input":{"@type":"PropertyValueSpecification","valueRequired":true,"valueName":"search_term_string"}}],"inLanguage":"de"},{"@type":"Organization","@id":"https:\/\/linden-gut.eu\/de\/#organization","name":"LindenGut GmbH & Co. KG","url":"https:\/\/linden-gut.eu\/de\/","logo":{"@type":"ImageObject","inLanguage":"de","@id":"https:\/\/linden-gut.eu\/de\/#\/schema\/logo\/image\/","url":"https:\/\/linden-gut.eu\/wp-content\/uploads\/2021\/04\/Biohotel-Lindengut-Favicon.png","contentUrl":"https:\/\/linden-gut.eu\/wp-content\/uploads\/2021\/04\/Biohotel-Lindengut-Favicon.png","width":712,"height":712,"caption":"LindenGut GmbH & Co. KG"},"image":{"@id":"https:\/\/linden-gut.eu\/de\/#\/schema\/logo\/image\/"},"sameAs":["https:\/\/www.facebook.com\/LindenGutDipperz","https:\/\/www.instagram.com\/lindengut_biohotel\/","http:\/\/www.youtube.com\/@lindengutwegweiser2448"]},{"@type":"Person","@id":"https:\/\/linden-gut.eu\/de\/#\/schema\/person\/f361f888df78f36886934fabafbf5719","name":"JBorner"}]}},"_links":{"self":[{"href":"https:\/\/linden-gut.eu\/de\/wp-json\/wp\/v2\/posts\/4491","targetHints":{"allow":["GET"]}}],"collection":[{"href":"https:\/\/linden-gut.eu\/de\/wp-json\/wp\/v2\/posts"}],"about":[{"href":"https:\/\/linden-gut.eu\/de\/wp-json\/wp\/v2\/types\/post"}],"author":[{"embeddable":true,"href":"https:\/\/linden-gut.eu\/de\/wp-json\/wp\/v2\/users\/2"}],"replies":[{"embeddable":true,"href":"https:\/\/linden-gut.eu\/de\/wp-json\/wp\/v2\/comments?post=4491"}],"version-history":[{"count":3,"href":"https:\/\/linden-gut.eu\/de\/wp-json\/wp\/v2\/posts\/4491\/revisions"}],"predecessor-version":[{"id":4565,"href":"https:\/\/linden-gut.eu\/de\/wp-json\/wp\/v2\/posts\/4491\/revisions\/4565"}],"wp:featuredmedia":[{"embeddable":true,"href":"https:\/\/linden-gut.eu\/de\/wp-json\/wp\/v2\/media\/4502"}],"wp:attachment":[{"href":"https:\/\/linden-gut.eu\/de\/wp-json\/wp\/v2\/media?parent=4491"}],"wp:term":[{"taxonomy":"category","embeddable":true,"href":"https:\/\/linden-gut.eu\/de\/wp-json\/wp\/v2\/categories?post=4491"},{"taxonomy":"post_tag","embeddable":true,"href":"https:\/\/linden-gut.eu\/de\/wp-json\/wp\/v2\/tags?post=4491"}],"curies":[{"name":"wp","href":"https:\/\/api.w.org\/{rel}","templated":true}]}}